{"id":1365,"date":"2022-09-13T14:02:32","date_gmt":"2022-09-13T14:02:32","guid":{"rendered":"https:\/\/greenzoneazores.com\/?p=1365"},"modified":"2023-10-30T18:22:03","modified_gmt":"2023-10-30T18:22:03","slug":"historia-dos-acores","status":"publish","type":"post","link":"https:\/\/greenzoneazores.com\/en\/historia-dos-acores\/","title":{"rendered":"Azores: A Brief History"},"content":{"rendered":"<div data-elementor-type=\"wp-post\" data-elementor-id=\"1365\" class=\"elementor elementor-1365\" data-elementor-settings=\"[]\">\n\t\t\t\t\t\t\t<div class=\"elementor-section-wrap\">\n\t\t\t\t\t\t\t<section class=\"elementor-section elementor-top-section elementor-element elementor-element-26f3fbe0 elementor-section-boxed elementor-section-height-default elementor-section-height-default\" data-id=\"26f3fbe0\" data-element_type=\"section\">\n\t\t\t\t\t\t<div class=\"elementor-container elementor-column-gap-default\">\n\t\t\t\t\t<div class=\"elementor-column elementor-col-100 elementor-top-column elementor-element elementor-element-3f61a792\" data-id=\"3f61a792\" data-element_type=\"column\">\n\t\t\t<div class=\"elementor-widget-wrap elementor-element-populated\">\n\t\t\t\t\t\t\t\t<div class=\"elementor-element elementor-element-4c0ae12 elementor-widget elementor-widget-text-editor\" data-id=\"4c0ae12\" data-element_type=\"widget\" data-widget_type=\"text-editor.default\">\n\t\t\t\t<div class=\"elementor-widget-container\">\n\t\t\t\t\t\t\t<div class=\"elementor-element elementor-element-5c99777 elementor-widget elementor-widget-heading\" data-id=\"5c99777\" data-element_type=\"widget\" data-widget_type=\"heading.default\">\n<div class=\"elementor-widget-container\">\n<h3 class=\"elementor-heading-title elementor-size-default\">The Discovery of the Azores<\/h3>\n<\/div>\n<\/div>\n<div class=\"elementor-element elementor-element-c180a5a elementor-widget elementor-widget-text-editor\" data-id=\"c180a5a\" data-element_type=\"widget\" data-widget_type=\"text-editor.default\">\n<div class=\"elementor-widget-container\">\n<p class=\" translation-block\">Since the <strong>14th century<\/strong> the <strong>existence of the Azores<\/strong> has been marked on sea charts. An unknown archipelago, nine islands lost in the immensity of the North Atlantic, abundant in vegetation, shrouded in mystery and mist.<\/p>\n<\/div>\n<\/div>\n<div class=\"elementor-element elementor-element-790c664 elementor-widget elementor-widget-text-editor\" data-id=\"790c664\" data-element_type=\"widget\" data-widget_type=\"text-editor.default\">\n<div class=\"elementor-widget-container\">\n<p class=\" translation-block\"><strong>Gaspar Frutuoso<\/strong>, Azorean naturalist and chronicler of the 16th century, referred in his books\u00a0<strong>\u201cSaudades da Terra\u201d<\/strong>, that the Azores had been discovered by\u00a0<strong>Gon\u00e7alo Velho Cabral<\/strong> strong&gt;, having arrived on the island of <strong>Santa Maria<\/strong> in <strong>1432<\/strong>.<\/p>\n<\/div>\n<\/div>\n<div class=\"elementor-element elementor-element-1868c57 elementor-widget elementor-widget-text-editor\" data-id=\"1868c57\" data-element_type=\"widget\" data-widget_type=\"text-editor.default\">\n<div class=\"elementor-widget-container\">\n<p class=\" translation-block\">However, over the centuries, questions about who discovered the Azores or when they were discovered were resolved, reaching the conclusion that the discovery of the first Azorean islands would have occurred around\u00a0<strong>1427<\/strong>, under the command of <strong>Diogo de Silves<\/strong>.<\/p>\n<\/div>\n<\/div>\n<div class=\"elementor-element elementor-element-5e5b744 elementor-widget elementor-widget-text-editor\" data-id=\"5e5b744\" data-element_type=\"widget\" data-widget_type=\"text-editor.default\">\n<div class=\"elementor-widget-container\">\n<p class=\" translation-block\">And the first to be found were those of the Eastern group,\u00a0<strong>Santa Maria and S\u00e3o Miguel (1427)<\/strong>, followed by\u00a0<strong>Terceira Island<\/strong>\u00a0and the rest of the Central group, between\u00a0<strong>1449 <\/strong>\u00a0and\u00a0<strong>1451<\/strong>.<\/p>\n<\/div>\n<\/div>\n<div class=\"elementor-element elementor-element-f823626 elementor-widget elementor-widget-text-editor\" data-id=\"f823626\" data-element_type=\"widget\" data-widget_type=\"text-editor.default\">\n<div class=\"elementor-widget-container\">\n<p class=\" translation-block\">And the first to be found were those of the Eastern group,\u00a0<strong>Santa Maria and S\u00e3o Miguel (1427)<\/strong>, followed by\u00a0<strong>Terceira Island<\/strong>\u00a0and the rest of the Central group, between\u00a0<strong>1449 <\/strong>\u00a0and\u00a0<strong>1451<\/strong>.<\/p>\n<\/div>\n<\/div>\n<div class=\"elementor-element elementor-element-bf77164 elementor-widget elementor-widget-text-editor\" data-id=\"bf77164\" data-element_type=\"widget\" data-widget_type=\"text-editor.default\">\n<div class=\"elementor-widget-container\">\n<p class=\" translation-block\">In the oldest royal document referring to the Azores, which dates from\u00a0<strong>July 2, 1439<\/strong>, permission is given to Infante D. Henrique to order\u00a0<strong>populate and release sheep<\/strong>\u00a0on the seven islands of the Azores. Azores.<\/p>\n<\/div>\n<\/div>\n<div class=\"elementor-element elementor-element-6516b9f elementor-widget elementor-widget-heading\" data-id=\"6516b9f\" data-element_type=\"widget\" data-widget_type=\"heading.default\">\n<div class=\"elementor-widget-container\">\n<h4 class=\"elementor-heading-title elementor-size-default\">Colonization of the Azores<\/h4>\n<\/div>\n<\/div>\n<div class=\"elementor-element elementor-element-9a0672f elementor-widget elementor-widget-text-editor\" data-id=\"9a0672f\" data-element_type=\"widget\" data-widget_type=\"text-editor.default\">\n<div class=\"elementor-widget-container\">\n<p class=\" translation-block\">The year 1440 is seen as the <strong>beginning of the settlement of the Azores<\/strong>.<\/p>\n<\/div>\n<\/div>\n<div class=\"elementor-element elementor-element-fb5c9f0 elementor-widget elementor-widget-text-editor\" data-id=\"fb5c9f0\" data-element_type=\"widget\" data-widget_type=\"text-editor.default\">\n<div class=\"elementor-widget-container\">\n<p class=\" translation-block\">The\u00a0<strong>colonization<\/strong>\u00a0occurred throughout the\u00a0<strong>15th and 16th centuries<\/strong>\u00a0brought to the archipelago numerous settlers from different parts of Portugal (<strong>Algarve, Alentejo, Extremadura and Madeira archipelago<\/strong>), but not only.<\/p>\n<\/div>\n<\/div>\n<div class=\"elementor-element elementor-element-dd54506 elementor-widget elementor-widget-text-editor\" data-id=\"dd54506\" data-element_type=\"widget\" data-widget_type=\"text-editor.default\">\n<div class=\"elementor-widget-container\">\n<p>Spaniards, French, Italians, Flemings, English, Jews, Moors and African slaves also arrived in the Azores.<\/p>\n<\/div>\n<\/div>\n<div class=\"elementor-element elementor-element-b94f603 elementor-widget elementor-widget-text-editor\" data-id=\"b94f603\" data-element_type=\"widget\" data-widget_type=\"text-editor.default\">\n<div class=\"elementor-widget-container\">\n<p>And in those first years we had to work hard: clearing trees and vegetation, plowing the land, building houses, and enduring all the difficulties that Mother Nature could bring.<\/p>\n<\/div>\n<\/div>\n<div class=\"elementor-element elementor-element-95d5314 elementor-widget elementor-widget-text-editor\" data-id=\"95d5314\" data-element_type=\"widget\" data-widget_type=\"text-editor.default\">\n<div class=\"elementor-widget-container\">\n<p>The cut wood was exported or used in shipbuilding and with the clearing of the land the first crops were grown, being the 15th century marked by large exports of cereals (wheat), starting the culture and industry of pastel, heather and sugar cane.<\/p>\n<\/div>\n<\/div>\n<div class=\"elementor-element elementor-element-75f3996 elementor-widget elementor-widget-text-editor\" data-id=\"75f3996\" data-element_type=\"widget\" data-widget_type=\"text-editor.default\">\n<div class=\"elementor-widget-container\">\n<p>The 16th century is characterized by great social and economic development, with Ponta Delgada and Angra do Hero\u00edsmo being elevated to cities.<\/p>\n<\/div>\n<\/div>\n<div class=\"elementor-element elementor-element-75639b6 elementor-widget elementor-widget-text-editor\" data-id=\"75639b6\" data-element_type=\"widget\" data-widget_type=\"text-editor.default\">\n<div class=\"elementor-widget-container\">\n<p>During this century the cultivation of pastel and heather becomes more important, European vines, later replaced by American vines, multiply, and yams and sweet potatoes are introduced.<\/p>\n<\/div>\n<\/div>\n<div class=\"elementor-element elementor-element-7b90d8f elementor-widget elementor-widget-text-editor\" data-id=\"7b90d8f\" data-element_type=\"widget\" data-widget_type=\"text-editor.default\">\n<div class=\"elementor-widget-container\">\n<p>In the 17th century it is the cultivation of linen and orange trees that gain strength and corn is introduced. Still in this century, there are several volcanic earthquakes that lead to a wave of emigration to Brazil.<\/p>\n<\/div>\n<\/div>\n<div class=\"elementor-element elementor-element-84278ed elementor-widget elementor-widget-text-editor\" data-id=\"84278ed\" data-element_type=\"widget\" data-widget_type=\"text-editor.default\">\n<div class=\"elementor-widget-container\">\n<p>In the 18th century, in turn, the first exports of oranges to the United Kingdom were recorded, tree planting intensified, and potatoes were introduced.<\/p>\n<\/div>\n<\/div>\n<div class=\"elementor-element elementor-element-bb997af elementor-widget elementor-widget-text-editor\" data-id=\"bb997af\" data-element_type=\"widget\" data-widget_type=\"text-editor.default\">\n<div class=\"elementor-widget-container\">\n<p>In the 19th century, the orange culture and commerce reaches its peak and new bovine species arrive in the Region. Whale hunting becomes common and the cultivation of tea, espadana, tobacco and pineapple are introduced to the island of S\u00e3o Miguel.<\/p>\n<\/div>\n<\/div>\n<div class=\"elementor-element elementor-element-8404b95 elementor-widget elementor-widget-text-editor\" data-id=\"8404b95\" data-element_type=\"widget\" data-widget_type=\"text-editor.default\">\n<div class=\"elementor-widget-container\">\n<p>In 1893, the Azores are connected to the worldwide submarine cable network.<\/p>\n<\/div>\n<\/div>\n<div class=\"elementor-element elementor-element-bfad98f elementor-widget elementor-widget-text-editor\" data-id=\"bfad98f\" data-element_type=\"widget\" data-widget_type=\"text-editor.default\">\n<div class=\"elementor-widget-container\">\n<p>The first half of the 20th century was characterized above all by the beginning of sugar beet manufacturing and a great development in the dairy and fishing industries. A new wave of emigration occurred, mainly to the United States of America and Canada.<\/p>\n<\/div>\n<\/div>\n<div class=\"elementor-element elementor-element-a71e040 elementor-widget elementor-widget-text-editor\" data-id=\"a71e040\" data-element_type=\"widget\" data-widget_type=\"text-editor.default\">\n<div class=\"elementor-widget-container\">\n<p>The first half of the 20th century was characterized above all by the beginning of sugar beet manufacturing and a great development in the dairy and fishing industries. A new wave of emigration occurred, mainly to the United States of America and Canada.<\/p>\n<div class=\"elementor-element elementor-element-c5dc4da elementor-widget elementor-widget-heading\" data-id=\"c5dc4da\" data-element_type=\"widget\" data-widget_type=\"heading.default\">\n<div class=\"elementor-widget-container\">\n<h4 class=\"elementor-heading-title elementor-size-default\">Important Dates<\/h4>\n<\/div>\n<\/div>\n<div class=\"elementor-element elementor-element-e106ad7 elementor-widget elementor-widget-text-editor\" data-id=\"e106ad7\" data-element_type=\"widget\" data-widget_type=\"text-editor.default\">\n<div class=\"elementor-widget-container\">\n<p>But the Azoreans' character was not only made of land and sea.<\/p>\n<\/div>\n<\/div>\n<div class=\"elementor-element elementor-element-896ea95 elementor-widget elementor-widget-text-editor\" data-id=\"896ea95\" data-element_type=\"widget\" data-widget_type=\"text-editor.default\">\n<div class=\"elementor-widget-container\">\n<p>Over the centuries, several political-administrative events have shaped the insular people and contributed to what the Azores and Portugal are today.<\/p>\n<\/div>\n<\/div>\n<div class=\"elementor-element elementor-element-d942606 elementor-widget elementor-widget-text-editor\" data-id=\"d942606\" data-element_type=\"widget\" data-widget_type=\"text-editor.default\">\n<div class=\"elementor-widget-container\">\n<ul>\n<li>The Castilian occupation (1583-1641)<\/li>\n<li>From Restoration to Captaincy General (1642-1766)<\/li>\n<li>The Captaincy General (1766-1820)<\/li>\n<li>The advent of liberalism (1820-1828)<\/li>\n<li>The Civil War and the Angra Regency (1828-1832)<\/li>\n<li>The constitutional monarchy (1832-1891)<\/li>\n<li>The Autonomist Campaign (1892-1895)<\/li>\n<li>Administrative autonomy (1895-1928)<\/li>\n<li>The consolidation of the New State (1928-1943)<\/li>\n<li>World War II and the British Landing (1943-1946)<\/li>\n<li>The 25th of April and the autonomous option (1974-1976)<\/li>\n<li>Constitutional autonomy (1976 to present)<\/li>\n<\/ul>\n<\/div>\n<\/div>\n<div class=\"elementor-element elementor-element-6bd350b elementor-widget elementor-widget-text-editor\" data-id=\"6bd350b\" data-element_type=\"widget\" data-widget_type=\"text-editor.default\">\n<div class=\"elementor-widget-container\">\n<p>From the idea that these islands were reminiscent of the legend of Atlantis, to the uncertainties and theories regarding their discovery and settlement, the Azores, scattered along a strip about 600 km long, were positioned from the beginning as a strategic point between Europe and America, between the old and the new world.<\/p>\n<\/div>\n<\/div>\n<div class=\"elementor-element elementor-element-0a6308f elementor-widget elementor-widget-text-editor\" data-id=\"0a6308f\" data-element_type=\"widget\" data-widget_type=\"text-editor.default\">\n<div class=\"elementor-widget-container\">\n<p>A history of almost 600 years and a people born out of the sea, lava and ash, mountains and forests, but above all, out of the unique ability to never give up - their resilience.<\/p>\n<\/div>\n<\/div>\n<div class=\"elementor-element elementor-element-dec75b5 elementor-widget elementor-widget-text-editor\" data-id=\"dec75b5\" data-element_type=\"widget\" data-widget_type=\"text-editor.default\">\n<div class=\"elementor-widget-container\">\n<p><strong>See more:<\/strong><\/p>\n<p><a href=\"http:\/\/cvc.instituto-camoes.pt\/\">http:\/\/cvc.instituto-camoes.pt<\/a><\/p>\n<p><a href=\"https:\/\/www.culturacores.azores.gov.pt\/\">https:\/\/www.culturacores.azores.gov.pt\/<\/a><\/p>\n<p><a href=\"https:\/\/nea.ufsc.br\/\">https:\/\/nea.ufsc.br\/<\/a><\/p>\n<p><a href=\"https:\/\/www.visitazores.com\/\">https:\/\/www.visitazores.com\/<\/a><\/p>\n<p><a href=\"https:\/\/www.worldhistory.org\/\">https:\/\/www.worldhistory.org\/<\/a><\/p>\n<\/div>\n<\/div>\n<\/div>\n<\/div>\t\t\t\t\t\t<\/div>\n\t\t\t\t<\/div>\n\t\t\t\t\t<\/div>\n\t\t<\/div>\n\t\t\t\t\t\t\t<\/div>\n\t\t<\/section>\n\t\t\t\t\t\t<\/div>\n\t\t\t\t\t<\/div>","protected":false},"excerpt":{"rendered":"<p>A Descoberta dos A\u00e7ores Desde o\u00a0s\u00e9culo XIV\u00a0que \u00e9 marcada a\u00a0exist\u00eancia dos A\u00e7ores\u00a0em cartas de marear. Um arquip\u00e9lago desconhecido, nove ilhas perdidas na imensid\u00e3o do Atl\u00e2ntico Norte, abundantes em vegeta\u00e7\u00e3o, envoltas em mist\u00e9rio e bruma. Gaspar Frutuoso, naturalista e cronista a\u00e7oriano do s\u00e9culo XVI, referia nos seus livros\u00a0\u201cSaudades da Terra\u201d, que os A\u00e7ores haviam sido descobertos&hellip; <a class=\"more-link\" href=\"https:\/\/greenzoneazores.com\/en\/historia-dos-acores\/\">Continue reading <span class=\"screen-reader-text\">Azores: A Brief History<\/span><\/a><\/p>","protected":false},"author":1,"featured_media":1474,"comment_status":"closed","ping_status":"closed","sticky":false,"template":"","format":"standard","meta":{"footnotes":""},"categories":[1],"tags":[],"yoast_head":"<!-- This site is optimized with the Yoast SEO plugin v21.4 - https:\/\/yoast.com\/wordpress\/plugins\/seo\/ -->\n<title>Hist\u00f3ria dos A\u00e7ores - Greenzone Azores<\/title>\n<meta name=\"description\" content=\"Quer saber mais sobre este maravilhoso arquip\u00e9lago? Venha descobrir a hist\u00f3ria dos A\u00e7ores e como este evoluiu at\u00e9 ao presente.\" \/>\n<meta name=\"robots\" content=\"index, follow, max-snippet:-1, max-image-preview:large, max-video-preview:-1\" \/>\n<link rel=\"canonical\" href=\"https:\/\/greenzoneazores.com\/en\/historia-dos-acores\/\" \/>\n<meta property=\"og:locale\" content=\"en_US\" \/>\n<meta property=\"og:type\" content=\"article\" \/>\n<meta property=\"og:title\" content=\"Hist\u00f3ria dos A\u00e7ores - Greenzone Azores\" \/>\n<meta property=\"og:description\" content=\"Quer saber mais sobre este maravilhoso arquip\u00e9lago? Venha descobrir a hist\u00f3ria dos A\u00e7ores e como este evoluiu at\u00e9 ao presente.\" \/>\n<meta property=\"og:url\" content=\"https:\/\/greenzoneazores.com\/en\/historia-dos-acores\/\" \/>\n<meta property=\"og:site_name\" content=\"Greenzone Azores\" \/>\n<meta property=\"article:publisher\" content=\"https:\/\/www.facebook.com\/GreenZoneAzoresTours\/?ref=page_internal\" \/>\n<meta property=\"article:published_time\" content=\"2022-09-13T14:02:32+00:00\" \/>\n<meta property=\"article:modified_time\" content=\"2023-10-30T18:22:03+00:00\" \/>\n<meta property=\"og:image\" content=\"https:\/\/greenzoneazores.com\/wp-content\/uploads\/2022\/09\/acores.jpg\" \/>\n\t<meta property=\"og:image:width\" content=\"1920\" \/>\n\t<meta property=\"og:image:height\" content=\"1280\" \/>\n\t<meta property=\"og:image:type\" content=\"image\/jpeg\" \/>\n<meta name=\"author\" content=\"admin\" \/>\n<meta name=\"twitter:card\" content=\"summary_large_image\" \/>\n<meta name=\"twitter:label1\" content=\"Written by\" \/>\n\t<meta name=\"twitter:data1\" content=\"admin\" \/>\n\t<meta name=\"twitter:label2\" content=\"Est. reading time\" \/>\n\t<meta name=\"twitter:data2\" content=\"5 minutes\" \/>\n<script type=\"application\/ld+json\" class=\"yoast-schema-graph\">{\"@context\":\"https:\/\/schema.org\",\"@graph\":[{\"@type\":\"Article\",\"@id\":\"https:\/\/greenzoneazores.com\/historia-dos-acores\/#article\",\"isPartOf\":{\"@id\":\"https:\/\/greenzoneazores.com\/historia-dos-acores\/\"},\"author\":{\"name\":\"admin\",\"@id\":\"https:\/\/greenzoneazores.com\/#\/schema\/person\/86b55b2ce884b3e5ad90d711b5360c19\"},\"headline\":\"A\u00e7ores: Breve Hist\u00f3ria\",\"datePublished\":\"2022-09-13T14:02:32+00:00\",\"dateModified\":\"2023-10-30T18:22:03+00:00\",\"mainEntityOfPage\":{\"@id\":\"https:\/\/greenzoneazores.com\/historia-dos-acores\/\"},\"wordCount\":910,\"publisher\":{\"@id\":\"https:\/\/greenzoneazores.com\/#organization\"},\"articleSection\":[\"Dicas\"],\"inLanguage\":\"en-US\"},{\"@type\":\"WebPage\",\"@id\":\"https:\/\/greenzoneazores.com\/historia-dos-acores\/\",\"url\":\"https:\/\/greenzoneazores.com\/historia-dos-acores\/\",\"name\":\"Hist\u00f3ria dos A\u00e7ores - Greenzone Azores\",\"isPartOf\":{\"@id\":\"https:\/\/greenzoneazores.com\/#website\"},\"datePublished\":\"2022-09-13T14:02:32+00:00\",\"dateModified\":\"2023-10-30T18:22:03+00:00\",\"description\":\"Quer saber mais sobre este maravilhoso arquip\u00e9lago? Venha descobrir a hist\u00f3ria dos A\u00e7ores e como este evoluiu at\u00e9 ao presente.\",\"breadcrumb\":{\"@id\":\"https:\/\/greenzoneazores.com\/historia-dos-acores\/#breadcrumb\"},\"inLanguage\":\"en-US\",\"potentialAction\":[{\"@type\":\"ReadAction\",\"target\":[\"https:\/\/greenzoneazores.com\/historia-dos-acores\/\"]}]},{\"@type\":\"BreadcrumbList\",\"@id\":\"https:\/\/greenzoneazores.com\/historia-dos-acores\/#breadcrumb\",\"itemListElement\":[{\"@type\":\"ListItem\",\"position\":1,\"name\":\"In\u00edcio\",\"item\":\"https:\/\/greenzoneazores.com\/\"},{\"@type\":\"ListItem\",\"position\":2,\"name\":\"A\u00e7ores: Breve Hist\u00f3ria\"}]},{\"@type\":\"WebSite\",\"@id\":\"https:\/\/greenzoneazores.com\/#website\",\"url\":\"https:\/\/greenzoneazores.com\/\",\"name\":\"Greenzone Azores\",\"description\":\"Greenzone Azores\",\"publisher\":{\"@id\":\"https:\/\/greenzoneazores.com\/#organization\"},\"potentialAction\":[{\"@type\":\"SearchAction\",\"target\":{\"@type\":\"EntryPoint\",\"urlTemplate\":\"https:\/\/greenzoneazores.com\/?s={search_term_string}\"},\"query-input\":\"required name=search_term_string\"}],\"inLanguage\":\"en-US\"},{\"@type\":\"Organization\",\"@id\":\"https:\/\/greenzoneazores.com\/#organization\",\"name\":\"Greenzone Azores\",\"url\":\"https:\/\/greenzoneazores.com\/\",\"logo\":{\"@type\":\"ImageObject\",\"inLanguage\":\"en-US\",\"@id\":\"https:\/\/greenzoneazores.com\/#\/schema\/logo\/image\/\",\"url\":\"https:\/\/greenzoneazores.com\/wp-content\/uploads\/2021\/08\/thumbnail_logo-sem-fundo.png\",\"contentUrl\":\"https:\/\/greenzoneazores.com\/wp-content\/uploads\/2021\/08\/thumbnail_logo-sem-fundo.png\",\"width\":264,\"height\":264,\"caption\":\"Greenzone Azores\"},\"image\":{\"@id\":\"https:\/\/greenzoneazores.com\/#\/schema\/logo\/image\/\"},\"sameAs\":[\"https:\/\/www.facebook.com\/GreenZoneAzoresTours\/?ref=page_internal\",\"https:\/\/www.instagram.com\/greenzoneazores\/\",\"https:\/\/www.tripadvisor.com.br\/Attraction_Review-g189135-d1449376-Reviews-Greenzone_Azores_Tours-Ponta_Delgada_Sao_Miguel_Azores.html\"]},{\"@type\":\"Person\",\"@id\":\"https:\/\/greenzoneazores.com\/#\/schema\/person\/86b55b2ce884b3e5ad90d711b5360c19\",\"name\":\"admin\",\"image\":{\"@type\":\"ImageObject\",\"inLanguage\":\"en-US\",\"@id\":\"https:\/\/greenzoneazores.com\/#\/schema\/person\/image\/\",\"url\":\"https:\/\/secure.gravatar.com\/avatar\/bcff1afce0943d4ca9edc01163457320?s=96&d=mm&r=g\",\"contentUrl\":\"https:\/\/secure.gravatar.com\/avatar\/bcff1afce0943d4ca9edc01163457320?s=96&d=mm&r=g\",\"caption\":\"admin\"},\"sameAs\":[\"https:\/\/greenzoneazores.com\"],\"url\":\"https:\/\/greenzoneazores.com\/en\/author\/admin\/\"}]}<\/script>\n<!-- \/ Yoast SEO plugin. -->","yoast_head_json":{"title":"Hist\u00f3ria dos A\u00e7ores - Greenzone Azores","description":"Quer saber mais sobre este maravilhoso arquip\u00e9lago? Venha descobrir a hist\u00f3ria dos A\u00e7ores e como este evoluiu at\u00e9 ao presente.","robots":{"index":"index","follow":"follow","max-snippet":"max-snippet:-1","max-image-preview":"max-image-preview:large","max-video-preview":"max-video-preview:-1"},"canonical":"https:\/\/greenzoneazores.com\/en\/historia-dos-acores\/","og_locale":"en_US","og_type":"article","og_title":"Hist\u00f3ria dos A\u00e7ores - Greenzone Azores","og_description":"Quer saber mais sobre este maravilhoso arquip\u00e9lago? Venha descobrir a hist\u00f3ria dos A\u00e7ores e como este evoluiu at\u00e9 ao presente.","og_url":"https:\/\/greenzoneazores.com\/en\/historia-dos-acores\/","og_site_name":"Greenzone Azores","article_publisher":"https:\/\/www.facebook.com\/GreenZoneAzoresTours\/?ref=page_internal","article_published_time":"2022-09-13T14:02:32+00:00","article_modified_time":"2023-10-30T18:22:03+00:00","og_image":[{"width":1920,"height":1280,"url":"https:\/\/greenzoneazores.com\/wp-content\/uploads\/2022\/09\/acores.jpg","type":"image\/jpeg"}],"author":"admin","twitter_card":"summary_large_image","twitter_misc":{"Written by":"admin","Est. reading time":"5 minutes"},"schema":{"@context":"https:\/\/schema.org","@graph":[{"@type":"Article","@id":"https:\/\/greenzoneazores.com\/historia-dos-acores\/#article","isPartOf":{"@id":"https:\/\/greenzoneazores.com\/historia-dos-acores\/"},"author":{"name":"admin","@id":"https:\/\/greenzoneazores.com\/#\/schema\/person\/86b55b2ce884b3e5ad90d711b5360c19"},"headline":"A\u00e7ores: Breve Hist\u00f3ria","datePublished":"2022-09-13T14:02:32+00:00","dateModified":"2023-10-30T18:22:03+00:00","mainEntityOfPage":{"@id":"https:\/\/greenzoneazores.com\/historia-dos-acores\/"},"wordCount":910,"publisher":{"@id":"https:\/\/greenzoneazores.com\/#organization"},"articleSection":["Dicas"],"inLanguage":"en-US"},{"@type":"WebPage","@id":"https:\/\/greenzoneazores.com\/historia-dos-acores\/","url":"https:\/\/greenzoneazores.com\/historia-dos-acores\/","name":"Hist\u00f3ria dos A\u00e7ores - Greenzone Azores","isPartOf":{"@id":"https:\/\/greenzoneazores.com\/#website"},"datePublished":"2022-09-13T14:02:32+00:00","dateModified":"2023-10-30T18:22:03+00:00","description":"Quer saber mais sobre este maravilhoso arquip\u00e9lago? Venha descobrir a hist\u00f3ria dos A\u00e7ores e como este evoluiu at\u00e9 ao presente.","breadcrumb":{"@id":"https:\/\/greenzoneazores.com\/historia-dos-acores\/#breadcrumb"},"inLanguage":"en-US","potentialAction":[{"@type":"ReadAction","target":["https:\/\/greenzoneazores.com\/historia-dos-acores\/"]}]},{"@type":"BreadcrumbList","@id":"https:\/\/greenzoneazores.com\/historia-dos-acores\/#breadcrumb","itemListElement":[{"@type":"ListItem","position":1,"name":"In\u00edcio","item":"https:\/\/greenzoneazores.com\/"},{"@type":"ListItem","position":2,"name":"A\u00e7ores: Breve Hist\u00f3ria"}]},{"@type":"WebSite","@id":"https:\/\/greenzoneazores.com\/#website","url":"https:\/\/greenzoneazores.com\/","name":"Greenzone Azores","description":"Greenzone Azores","publisher":{"@id":"https:\/\/greenzoneazores.com\/#organization"},"potentialAction":[{"@type":"SearchAction","target":{"@type":"EntryPoint","urlTemplate":"https:\/\/greenzoneazores.com\/?s={search_term_string}"},"query-input":"required name=search_term_string"}],"inLanguage":"en-US"},{"@type":"Organization","@id":"https:\/\/greenzoneazores.com\/#organization","name":"Greenzone Azores","url":"https:\/\/greenzoneazores.com\/","logo":{"@type":"ImageObject","inLanguage":"en-US","@id":"https:\/\/greenzoneazores.com\/#\/schema\/logo\/image\/","url":"https:\/\/greenzoneazores.com\/wp-content\/uploads\/2021\/08\/thumbnail_logo-sem-fundo.png","contentUrl":"https:\/\/greenzoneazores.com\/wp-content\/uploads\/2021\/08\/thumbnail_logo-sem-fundo.png","width":264,"height":264,"caption":"Greenzone Azores"},"image":{"@id":"https:\/\/greenzoneazores.com\/#\/schema\/logo\/image\/"},"sameAs":["https:\/\/www.facebook.com\/GreenZoneAzoresTours\/?ref=page_internal","https:\/\/www.instagram.com\/greenzoneazores\/","https:\/\/www.tripadvisor.com.br\/Attraction_Review-g189135-d1449376-Reviews-Greenzone_Azores_Tours-Ponta_Delgada_Sao_Miguel_Azores.html"]},{"@type":"Person","@id":"https:\/\/greenzoneazores.com\/#\/schema\/person\/86b55b2ce884b3e5ad90d711b5360c19","name":"admin","image":{"@type":"ImageObject","inLanguage":"en-US","@id":"https:\/\/greenzoneazores.com\/#\/schema\/person\/image\/","url":"https:\/\/secure.gravatar.com\/avatar\/bcff1afce0943d4ca9edc01163457320?s=96&d=mm&r=g","contentUrl":"https:\/\/secure.gravatar.com\/avatar\/bcff1afce0943d4ca9edc01163457320?s=96&d=mm&r=g","caption":"admin"},"sameAs":["https:\/\/greenzoneazores.com"],"url":"https:\/\/greenzoneazores.com\/en\/author\/admin\/"}]}},"_links":{"self":[{"href":"https:\/\/greenzoneazores.com\/en\/wp-json\/wp\/v2\/posts\/1365"}],"collection":[{"href":"https:\/\/greenzoneazores.com\/en\/wp-json\/wp\/v2\/posts"}],"about":[{"href":"https:\/\/greenzoneazores.com\/en\/wp-json\/wp\/v2\/types\/post"}],"author":[{"embeddable":true,"href":"https:\/\/greenzoneazores.com\/en\/wp-json\/wp\/v2\/users\/1"}],"replies":[{"embeddable":true,"href":"https:\/\/greenzoneazores.com\/en\/wp-json\/wp\/v2\/comments?post=1365"}],"version-history":[{"count":1,"href":"https:\/\/greenzoneazores.com\/en\/wp-json\/wp\/v2\/posts\/1365\/revisions"}],"predecessor-version":[{"id":2834,"href":"https:\/\/greenzoneazores.com\/en\/wp-json\/wp\/v2\/posts\/1365\/revisions\/2834"}],"wp:featuredmedia":[{"embeddable":true,"href":"https:\/\/greenzoneazores.com\/en\/wp-json\/wp\/v2\/media\/1474"}],"wp:attachment":[{"href":"https:\/\/greenzoneazores.com\/en\/wp-json\/wp\/v2\/media?parent=1365"}],"wp:term":[{"taxonomy":"category","embeddable":true,"href":"https:\/\/greenzoneazores.com\/en\/wp-json\/wp\/v2\/categories?post=1365"},{"taxonomy":"post_tag","embeddable":true,"href":"https:\/\/greenzoneazores.com\/en\/wp-json\/wp\/v2\/tags?post=1365"}],"curies":[{"name":"wp","href":"https:\/\/api.w.org\/{rel}","templated":true}]}}